{"id":77255,"date":"2022-05-12T06:39:04","date_gmt":"2022-05-12T09:39:04","guid":{"rendered":"http:\/\/www.cronistalascolonias.com.ar\/?p=77255"},"modified":"2022-05-12T07:23:49","modified_gmt":"2022-05-12T10:23:49","slug":"vuelve-a-funcionar-el-vacunatorio-en-el-campus-fave-de-esperanza","status":"publish","type":"post","link":"https:\/\/www.cronistalascolonias.com.ar\/?p=77255","title":{"rendered":"Vuelve a funcionar el vacunatorio en el Campus FAVE de Esperanza"},"content":{"rendered":"<h3>El vacunatorio funcionar\u00e1 los jueves 12, 19 y 26 de mayo. Se vacuna contra COVID, hepatitis, difteria, t\u00e9tanos, sarampi\u00f3n y rubeola.<\/h3>\n<p><!--more--><\/p>\n<p>Tras una exitosa primera etapa de atenci\u00f3n, en la que se aplicaron m\u00e1s de 3.300 dosis, vuelven a funcionar los vacunatorios en instalaciones de la Universidad Nacional del Litoral (UNL).<\/p>\n<p>No es necesario sacar turno previo y est\u00e1 destinado, principalmente, a las y los integrantes de la Comunidad UNL, pero tambi\u00e9n puede acercarse p\u00fablico en general. Cabe se\u00f1alar que en este espacio se colocar\u00e1n tambi\u00e9n las vacunas contra la Hepatitis A y Hepatitis B, la doble bacteriana (difteria y t\u00e9tanos) y la doble viral (sarampi\u00f3n y rubeola).<\/p>\n<p>Por otro, en el Campus FAVE de Esperanza se brindar\u00e1 atenci\u00f3n los jueves 12, 19 y 26 de mayo, de 7 a 13.30, en el Centro de Salud del predio donde funcionan FCV y FCA (RP Kreder 2805). No se precisa sacar turno previo. Contra COVId-19, se colocar\u00e1n terceras dosis se iniciar\u00e1n y completar\u00e1n esquemas de vacunaci\u00f3n. Tambi\u00e9n se vacunar\u00e1 con la doble bacteriana (difteria y t\u00e9tanos) y contra la Hepatitis B. Es necesario llevar el carnet de vacunaci\u00f3n.<\/p>\n<p>Cabe recordar que se trata de una iniciativa conjunta entre la Universidad Nacional del Litoral y el Ministerio de Salud de la Provincia de Santa Fe que da continuidad a las acciones vinculadas a la concientizaci\u00f3n, sensibilizaci\u00f3n y prevenci\u00f3n de toda la comunidad universitaria en torno a la pandemia de COVID-19. Esto, adem\u00e1s, se da en torno al comienzo de las clases y a la necesidad de contar con la mayor vacunaci\u00f3n posible para asegurar presencialidad plena y aulas seguras y cuidadas.<\/p>\n","protected":false},"excerpt":{"rendered":"<p>El vacunatorio funcionar\u00e1 los jueves 12, 19 y 26 de mayo. Se vacuna contra COVID, hepatitis, difteria, t\u00e9tanos, sarampi\u00f3n y rubeola.<\/p>\n","protected":false},"author":2,"featured_media":77259,"comment_status":"closed","ping_status":"closed","sticky":false,"template":"","format":"standard","meta":{"footnotes":""},"categories":[2],"tags":[],"class_list":["post-77255","post","type-post","status-publish","format-standard","has-post-thumbnail","hentry","category-actualidad"],"_links":{"self":[{"href":"https:\/\/www.cronistalascolonias.com.ar\/index.php?rest_route=\/wp\/v2\/posts\/77255","targetHints":{"allow":["GET"]}}],"collection":[{"href":"https:\/\/www.cronistalascolonias.com.ar\/index.php?rest_route=\/wp\/v2\/posts"}],"about":[{"href":"https:\/\/www.cronistalascolonias.com.ar\/index.php?rest_route=\/wp\/v2\/types\/post"}],"author":[{"embeddable":true,"href":"https:\/\/www.cronistalascolonias.com.ar\/index.php?rest_route=\/wp\/v2\/users\/2"}],"replies":[{"embeddable":true,"href":"https:\/\/www.cronistalascolonias.com.ar\/index.php?rest_route=%2Fwp%2Fv2%2Fcomments&post=77255"}],"version-history":[{"count":1,"href":"https:\/\/www.cronistalascolonias.com.ar\/index.php?rest_route=\/wp\/v2\/posts\/77255\/revisions"}],"predecessor-version":[{"id":77260,"href":"https:\/\/www.cronistalascolonias.com.ar\/index.php?rest_route=\/wp\/v2\/posts\/77255\/revisions\/77260"}],"wp:featuredmedia":[{"embeddable":true,"href":"https:\/\/www.cronistalascolonias.com.ar\/index.php?rest_route=\/wp\/v2\/media\/77259"}],"wp:attachment":[{"href":"https:\/\/www.cronistalascolonias.com.ar\/index.php?rest_route=%2Fwp%2Fv2%2Fmedia&parent=77255"}],"wp:term":[{"taxonomy":"category","embeddable":true,"href":"https:\/\/www.cronistalascolonias.com.ar\/index.php?rest_route=%2Fwp%2Fv2%2Fcategories&post=77255"},{"taxonomy":"post_tag","embeddable":true,"href":"https:\/\/www.cronistalascolonias.com.ar\/index.php?rest_route=%2Fwp%2Fv2%2Ftags&post=77255"}],"curies":[{"name":"wp","href":"https:\/\/api.w.org\/{rel}","templated":true}]}}